{"id":4919,"date":"2026-03-10T11:08:03","date_gmt":"2026-03-10T10:08:03","guid":{"rendered":"https:\/\/defiwind.fr\/vancances-andre-trigano-x-defi-wind\/"},"modified":"2026-03-10T11:14:56","modified_gmt":"2026-03-10T10:14:56","slug":"vancances-andre-trigano-x-defi-wind","status":"publish","type":"post","link":"http:\/\/defiwind.fr\/en\/vancances-andre-trigano-x-defi-wind\/","title":{"rendered":"Vancances Andr\u00e9 Trigano x Defi Wind"},"content":{"rendered":"\t\t<div data-elementor-type=\"wp-post\" data-elementor-id=\"4919\" class=\"elementor elementor-4919 elementor-4910\" data-elementor-post-type=\"post\">\n\t\t\t\t<div class=\"elementor-element elementor-element-3f82cac e-con-full e-flex e-con e-parent\" data-id=\"3f82cac\" data-element_type=\"container\" data-e-type=\"container\" data-settings=\"{&quot;background_background&quot;:&quot;classic&quot;}\">\n\t\t\t\t<div class=\"elementor-element elementor-element-e32c129 elementor-widget elementor-widget-heading\" data-id=\"e32c129\" data-element_type=\"widget\" data-e-type=\"widget\" data-widget_type=\"heading.default\">\n\t\t\t\t<div class=\"elementor-widget-container\">\n\t\t\t\t\t<h2 class=\"elementor-heading-title elementor-size-default\">DW Watersports camps<\/h2>\t\t\t\t<\/div>\n\t\t\t\t<\/div>\n\t\t\t\t<\/div>\n\t\t<div class=\"elementor-element elementor-element-f58e3bb e-flex e-con-boxed e-con e-parent\" data-id=\"f58e3bb\" data-element_type=\"container\" data-e-type=\"container\" data-settings=\"{&quot;background_background&quot;:&quot;classic&quot;}\">\n\t\t\t\t\t<div class=\"e-con-inner\">\n\t\t\t\t<div class=\"elementor-element elementor-element-060515e elementor-widget elementor-widget-spacer\" data-id=\"060515e\" data-element_type=\"widget\" data-e-type=\"widget\" data-widget_type=\"spacer.default\">\n\t\t\t\t<div class=\"elementor-widget-container\">\n\t\t\t\t\t\t\t<div class=\"elementor-spacer\">\n\t\t\t<div class=\"elementor-spacer-inner\"><\/div>\n\t\t<\/div>\n\t\t\t\t\t\t<\/div>\n\t\t\t\t<\/div>\n\t\t\t\t<div class=\"elementor-element elementor-element-ec6317a elementor-widget elementor-widget-image\" data-id=\"ec6317a\" data-element_type=\"widget\" data-e-type=\"widget\" data-widget_type=\"image.default\">\n\t\t\t\t<div class=\"elementor-widget-container\">\n\t\t\t\t\t\t\t\t\t\t\t\t\t\t\t<img fetchpriority=\"high\" decoding=\"async\" width=\"1985\" height=\"1404\" src=\"http:\/\/defiwind.fr\/wp-content\/uploads\/2026\/03\/News_DWVAT_26.png\" class=\"attachment-full size-full wp-image-4912\" alt=\"\" srcset=\"http:\/\/defiwind.fr\/wp-content\/uploads\/2026\/03\/News_DWVAT_26.png 1985w, http:\/\/defiwind.fr\/wp-content\/uploads\/2026\/03\/News_DWVAT_26-300x212.png 300w, http:\/\/defiwind.fr\/wp-content\/uploads\/2026\/03\/News_DWVAT_26-1024x724.png 1024w, http:\/\/defiwind.fr\/wp-content\/uploads\/2026\/03\/News_DWVAT_26-768x543.png 768w, http:\/\/defiwind.fr\/wp-content\/uploads\/2026\/03\/News_DWVAT_26-1536x1086.png 1536w, http:\/\/defiwind.fr\/wp-content\/uploads\/2026\/03\/News_DWVAT_26-600x424.png 600w\" sizes=\"(max-width: 1985px) 100vw, 1985px\" \/>\t\t\t\t\t\t\t\t\t\t\t\t\t\t\t<\/div>\n\t\t\t\t<\/div>\n\t\t\t\t<div class=\"elementor-element elementor-element-f6869bb elementor-widget elementor-widget-text-editor\" data-id=\"f6869bb\" data-element_type=\"widget\" data-e-type=\"widget\" data-widget_type=\"text-editor.default\">\n\t\t\t\t<div class=\"elementor-widget-container\">\n\t\t\t\t\t\t\t\t\t<p>Le D\u00e9fi Wind has strengthened its partnership with Vacances Andr\u00e9 Trigano by creating a label dedicated to enthusiasts:<\/p><p><strong>DW WaterSports Camp.<\/strong><\/p><p>We&#8217;ve selected 8 campsites in France, located as close as possible to the water, close to well-known spots. Camps designed as real back-up bases for riders, whether you&#8217;re training or just riding throughout the season. <\/p><div><strong>The 2026 offer:<\/strong><\/div><div><strong>  -15% off your stay with code DEFIWIND26 (except from July 4 to August 29, 2026)<\/strong><\/div><div><strong> <\/strong><\/div><div><strong>Booking is simple: choose your campsite on: <u>vacances-andretrigano.com<br><\/u>enter the code DEFIWIND26, and off you go!<\/strong><\/div>\t\t\t\t\t\t\t\t<\/div>\n\t\t\t\t<\/div>\n\t\t\t\t<div class=\"elementor-element elementor-element-7674a6b elementor-align-center elementor-widget elementor-widget-button\" data-id=\"7674a6b\" data-element_type=\"widget\" data-e-type=\"widget\" data-widget_type=\"button.default\">\n\t\t\t\t<div class=\"elementor-widget-container\">\n\t\t\t\t\t\t\t\t\t<div class=\"elementor-button-wrapper\">\n\t\t\t\t\t<a class=\"elementor-button elementor-button-link elementor-size-sm elementor-animation-grow\" href=\"http:\/\/vacances-andretrigano.com\">\n\t\t\t\t\t\t<span class=\"elementor-button-content-wrapper\">\n\t\t\t\t\t\t\t\t\t<span class=\"elementor-button-text\">Click here<\/span>\n\t\t\t\t\t<\/span>\n\t\t\t\t\t<\/a>\n\t\t\t\t<\/div>\n\t\t\t\t\t\t\t\t<\/div>\n\t\t\t\t<\/div>\n\t\t\t\t<div class=\"elementor-element elementor-element-3e3354d elementor-widget elementor-widget-video\" data-id=\"3e3354d\" data-element_type=\"widget\" data-e-type=\"widget\" data-settings=\"{&quot;youtube_url&quot;:&quot;https:\\\/\\\/www.youtube.com\\\/watch?v=Vp81kC80vis&quot;,&quot;autoplay&quot;:&quot;yes&quot;,&quot;mute&quot;:&quot;yes&quot;,&quot;loop&quot;:&quot;yes&quot;,&quot;video_type&quot;:&quot;youtube&quot;,&quot;controls&quot;:&quot;yes&quot;}\" data-widget_type=\"video.default\">\n\t\t\t\t<div class=\"elementor-widget-container\">\n\t\t\t\t\t\t\t<div class=\"elementor-wrapper elementor-open-inline\">\n\t\t\t<div class=\"elementor-video\"><\/div>\t\t<\/div>\n\t\t\t\t\t\t<\/div>\n\t\t\t\t<\/div>\n\t\t\t\t\t<\/div>\n\t\t\t\t<\/div>\n\t\t\t\t<\/div>\n\t\t","protected":false},"excerpt":{"rendered":"<p>DW Watersports camps Le D\u00e9fi Wind has strengthened its partnership with Vacances Andr\u00e9 Trigano by creating a label dedicated to enthusiasts: DW WaterSports Camp. We&#8217;ve selected 8 campsites in France, located as close as possible to the water, close to well-known spots. Camps designed as real back-up bases for riders, whether you&#8217;re training or just [&hellip;]<\/p>\n","protected":false},"author":2,"featured_media":3465,"comment_status":"closed","ping_status":"open","sticky":false,"template":"","format":"standard","meta":{"footnotes":""},"categories":[22,23,21],"tags":[],"class_list":["post-4919","post","type-post","status-publish","format-standard","has-post-thumbnail","hentry","category-kite-en","category-wind-en","category-wing-en"],"yoast_head":"<!-- This site is optimized with the Yoast SEO plugin v27.2 - https:\/\/yoast.com\/product\/yoast-seo-wordpress\/ -->\n<title>Vancances Andr\u00e9 Trigano x Defi Wind &#8226; Defi Wind 2026<\/title>\n<meta name=\"description\" content=\"Le D\u00e9fi Wind strengthens its partnership with Vacances Andr\u00e9 Trigano by creating a label dedicated to water sports enthusiasts: DW WaterSports Camp.\" \/>\n<meta name=\"robots\" content=\"index, follow, max-snippet:-1, max-image-preview:large, max-video-preview:-1\" \/>\n<link rel=\"canonical\" href=\"http:\/\/defiwind.fr\/en\/vancances-andre-trigano-x-defi-wind\/\" \/>\n<meta property=\"og:locale\" content=\"en_US\" \/>\n<meta property=\"og:type\" content=\"article\" \/>\n<meta property=\"og:title\" content=\"Vancances Andr\u00e9 Trigano x Defi Wind &#8226; Defi Wind 2026\" \/>\n<meta property=\"og:description\" content=\"Le D\u00e9fi Wind strengthens its partnership with Vacances Andr\u00e9 Trigano by creating a label dedicated to water sports enthusiasts: DW WaterSports Camp.\" \/>\n<meta property=\"og:url\" content=\"http:\/\/defiwind.fr\/en\/vancances-andre-trigano-x-defi-wind\/\" \/>\n<meta property=\"og:site_name\" content=\"Defi Wind 2026\" \/>\n<meta property=\"article:publisher\" content=\"https:\/\/www.facebook.com\/LeDefi\/\" \/>\n<meta property=\"article:published_time\" content=\"2026-03-10T10:08:03+00:00\" \/>\n<meta property=\"article:modified_time\" content=\"2026-03-10T10:14:56+00:00\" \/>\n<meta property=\"og:image\" content=\"https:\/\/defiwind.fr\/wp-content\/uploads\/2025\/02\/Tricano-web.png\" \/>\n\t<meta property=\"og:image:width\" content=\"600\" \/>\n\t<meta property=\"og:image:height\" content=\"300\" \/>\n\t<meta property=\"og:image:type\" content=\"image\/png\" \/>\n<meta name=\"author\" content=\"Paul Bru\" \/>\n<meta name=\"twitter:card\" content=\"summary_large_image\" \/>\n<meta name=\"twitter:label1\" content=\"Written by\" \/>\n\t<meta name=\"twitter:data1\" content=\"Paul Bru\" \/>\n\t<meta name=\"twitter:label2\" content=\"Est. reading time\" \/>\n\t<meta name=\"twitter:data2\" content=\"1 minute\" \/>\n<script type=\"application\/ld+json\" class=\"yoast-schema-graph\">{\"@context\":\"https:\/\/schema.org\",\"@graph\":[{\"@type\":\"Article\",\"@id\":\"http:\/\/defiwind.fr\/en\/vancances-andre-trigano-x-defi-wind\/#article\",\"isPartOf\":{\"@id\":\"http:\/\/defiwind.fr\/en\/vancances-andre-trigano-x-defi-wind\/\"},\"author\":{\"name\":\"Paul Bru\",\"@id\":\"http:\/\/defiwind.fr\/en\/#\/schema\/person\/1f52a2d9ddbb9ad69213ecb3427ca493\"},\"headline\":\"Vancances Andr\u00e9 Trigano x Defi Wind\",\"datePublished\":\"2026-03-10T10:08:03+00:00\",\"dateModified\":\"2026-03-10T10:14:56+00:00\",\"mainEntityOfPage\":{\"@id\":\"http:\/\/defiwind.fr\/en\/vancances-andre-trigano-x-defi-wind\/\"},\"wordCount\":109,\"publisher\":{\"@id\":\"http:\/\/defiwind.fr\/en\/#organization\"},\"image\":{\"@id\":\"http:\/\/defiwind.fr\/en\/vancances-andre-trigano-x-defi-wind\/#primaryimage\"},\"thumbnailUrl\":\"http:\/\/defiwind.fr\/wp-content\/uploads\/2025\/02\/Tricano-web.png\",\"articleSection\":[\"KITE\",\"WIND\",\"WING\"],\"inLanguage\":\"en-US\"},{\"@type\":\"WebPage\",\"@id\":\"http:\/\/defiwind.fr\/en\/vancances-andre-trigano-x-defi-wind\/\",\"url\":\"http:\/\/defiwind.fr\/en\/vancances-andre-trigano-x-defi-wind\/\",\"name\":\"Vancances Andr\u00e9 Trigano x Defi Wind &#8226; Defi Wind 2026\",\"isPartOf\":{\"@id\":\"http:\/\/defiwind.fr\/en\/#website\"},\"primaryImageOfPage\":{\"@id\":\"http:\/\/defiwind.fr\/en\/vancances-andre-trigano-x-defi-wind\/#primaryimage\"},\"image\":{\"@id\":\"http:\/\/defiwind.fr\/en\/vancances-andre-trigano-x-defi-wind\/#primaryimage\"},\"thumbnailUrl\":\"http:\/\/defiwind.fr\/wp-content\/uploads\/2025\/02\/Tricano-web.png\",\"datePublished\":\"2026-03-10T10:08:03+00:00\",\"dateModified\":\"2026-03-10T10:14:56+00:00\",\"description\":\"Le D\u00e9fi Wind strengthens its partnership with Vacances Andr\u00e9 Trigano by creating a label dedicated to water sports enthusiasts: DW WaterSports Camp.\",\"breadcrumb\":{\"@id\":\"http:\/\/defiwind.fr\/en\/vancances-andre-trigano-x-defi-wind\/#breadcrumb\"},\"inLanguage\":\"en-US\",\"potentialAction\":[{\"@type\":\"ReadAction\",\"target\":[\"http:\/\/defiwind.fr\/en\/vancances-andre-trigano-x-defi-wind\/\"]}]},{\"@type\":\"ImageObject\",\"inLanguage\":\"en-US\",\"@id\":\"http:\/\/defiwind.fr\/en\/vancances-andre-trigano-x-defi-wind\/#primaryimage\",\"url\":\"http:\/\/defiwind.fr\/wp-content\/uploads\/2025\/02\/Tricano-web.png\",\"contentUrl\":\"http:\/\/defiwind.fr\/wp-content\/uploads\/2025\/02\/Tricano-web.png\",\"width\":600,\"height\":300},{\"@type\":\"BreadcrumbList\",\"@id\":\"http:\/\/defiwind.fr\/en\/vancances-andre-trigano-x-defi-wind\/#breadcrumb\",\"itemListElement\":[{\"@type\":\"ListItem\",\"position\":1,\"name\":\"Home\",\"item\":\"https:\/\/defiwind.fr\/en\/\"},{\"@type\":\"ListItem\",\"position\":2,\"name\":\"Vancances Andr\u00e9 Trigano x Defi Wind\"}]},{\"@type\":\"WebSite\",\"@id\":\"http:\/\/defiwind.fr\/en\/#website\",\"url\":\"http:\/\/defiwind.fr\/en\/\",\"name\":\"Defi Wind 2026\",\"description\":\"La plus grande manifestation de Glisse au Monde\",\"publisher\":{\"@id\":\"http:\/\/defiwind.fr\/en\/#organization\"},\"potentialAction\":[{\"@type\":\"SearchAction\",\"target\":{\"@type\":\"EntryPoint\",\"urlTemplate\":\"http:\/\/defiwind.fr\/en\/?s={search_term_string}\"},\"query-input\":{\"@type\":\"PropertyValueSpecification\",\"valueRequired\":true,\"valueName\":\"search_term_string\"}}],\"inLanguage\":\"en-US\"},{\"@type\":\"Organization\",\"@id\":\"http:\/\/defiwind.fr\/en\/#organization\",\"name\":\"DEFI Wind 2026\",\"url\":\"http:\/\/defiwind.fr\/en\/\",\"logo\":{\"@type\":\"ImageObject\",\"inLanguage\":\"en-US\",\"@id\":\"http:\/\/defiwind.fr\/en\/#\/schema\/logo\/image\/\",\"url\":\"http:\/\/defiwind.fr\/wp-content\/uploads\/2024\/01\/defiwind-logo.svg\",\"contentUrl\":\"http:\/\/defiwind.fr\/wp-content\/uploads\/2024\/01\/defiwind-logo.svg\",\"width\":544,\"height\":554,\"caption\":\"DEFI Wind 2026\"},\"image\":{\"@id\":\"http:\/\/defiwind.fr\/en\/#\/schema\/logo\/image\/\"},\"sameAs\":[\"https:\/\/www.facebook.com\/LeDefi\/\",\"https:\/\/www.youtube.com\/channel\/UCT8UE10yIAzXsDbedNsKYXA\",\"https:\/\/www.instagram.com\/defiwind\/\",\"https:\/\/www.instagram.com\/defiwing\/\",\"https:\/\/www.instagram.com\/defikite\/\"]},{\"@type\":\"Person\",\"@id\":\"http:\/\/defiwind.fr\/en\/#\/schema\/person\/1f52a2d9ddbb9ad69213ecb3427ca493\",\"name\":\"Paul Bru\",\"image\":{\"@type\":\"ImageObject\",\"inLanguage\":\"en-US\",\"@id\":\"https:\/\/secure.gravatar.com\/avatar\/bd8015322248b85b439d3326255d27ee687b9df9ba313a76dfdb9d71aa3c4fb8?s=96&d=mm&r=g\",\"url\":\"https:\/\/secure.gravatar.com\/avatar\/bd8015322248b85b439d3326255d27ee687b9df9ba313a76dfdb9d71aa3c4fb8?s=96&d=mm&r=g\",\"contentUrl\":\"https:\/\/secure.gravatar.com\/avatar\/bd8015322248b85b439d3326255d27ee687b9df9ba313a76dfdb9d71aa3c4fb8?s=96&d=mm&r=g\",\"caption\":\"Paul Bru\"},\"sameAs\":[\"http:\/\/defiwind.fr\"],\"url\":\"http:\/\/defiwind.fr\/en\/author\/paul\/\"}]}<\/script>\n<!-- \/ Yoast SEO plugin. -->","yoast_head_json":{"title":"Vancances Andr\u00e9 Trigano x Defi Wind &#8226; Defi Wind 2026","description":"Le D\u00e9fi Wind strengthens its partnership with Vacances Andr\u00e9 Trigano by creating a label dedicated to water sports enthusiasts: DW WaterSports Camp.","robots":{"index":"index","follow":"follow","max-snippet":"max-snippet:-1","max-image-preview":"max-image-preview:large","max-video-preview":"max-video-preview:-1"},"canonical":"http:\/\/defiwind.fr\/en\/vancances-andre-trigano-x-defi-wind\/","og_locale":"en_US","og_type":"article","og_title":"Vancances Andr\u00e9 Trigano x Defi Wind &#8226; Defi Wind 2026","og_description":"Le D\u00e9fi Wind strengthens its partnership with Vacances Andr\u00e9 Trigano by creating a label dedicated to water sports enthusiasts: DW WaterSports Camp.","og_url":"http:\/\/defiwind.fr\/en\/vancances-andre-trigano-x-defi-wind\/","og_site_name":"Defi Wind 2026","article_publisher":"https:\/\/www.facebook.com\/LeDefi\/","article_published_time":"2026-03-10T10:08:03+00:00","article_modified_time":"2026-03-10T10:14:56+00:00","og_image":[{"width":600,"height":300,"url":"https:\/\/defiwind.fr\/wp-content\/uploads\/2025\/02\/Tricano-web.png","type":"image\/png"}],"author":"Paul Bru","twitter_card":"summary_large_image","twitter_misc":{"Written by":"Paul Bru","Est. reading time":"1 minute"},"schema":{"@context":"https:\/\/schema.org","@graph":[{"@type":"Article","@id":"http:\/\/defiwind.fr\/en\/vancances-andre-trigano-x-defi-wind\/#article","isPartOf":{"@id":"http:\/\/defiwind.fr\/en\/vancances-andre-trigano-x-defi-wind\/"},"author":{"name":"Paul Bru","@id":"http:\/\/defiwind.fr\/en\/#\/schema\/person\/1f52a2d9ddbb9ad69213ecb3427ca493"},"headline":"Vancances Andr\u00e9 Trigano x Defi Wind","datePublished":"2026-03-10T10:08:03+00:00","dateModified":"2026-03-10T10:14:56+00:00","mainEntityOfPage":{"@id":"http:\/\/defiwind.fr\/en\/vancances-andre-trigano-x-defi-wind\/"},"wordCount":109,"publisher":{"@id":"http:\/\/defiwind.fr\/en\/#organization"},"image":{"@id":"http:\/\/defiwind.fr\/en\/vancances-andre-trigano-x-defi-wind\/#primaryimage"},"thumbnailUrl":"http:\/\/defiwind.fr\/wp-content\/uploads\/2025\/02\/Tricano-web.png","articleSection":["KITE","WIND","WING"],"inLanguage":"en-US"},{"@type":"WebPage","@id":"http:\/\/defiwind.fr\/en\/vancances-andre-trigano-x-defi-wind\/","url":"http:\/\/defiwind.fr\/en\/vancances-andre-trigano-x-defi-wind\/","name":"Vancances Andr\u00e9 Trigano x Defi Wind &#8226; Defi Wind 2026","isPartOf":{"@id":"http:\/\/defiwind.fr\/en\/#website"},"primaryImageOfPage":{"@id":"http:\/\/defiwind.fr\/en\/vancances-andre-trigano-x-defi-wind\/#primaryimage"},"image":{"@id":"http:\/\/defiwind.fr\/en\/vancances-andre-trigano-x-defi-wind\/#primaryimage"},"thumbnailUrl":"http:\/\/defiwind.fr\/wp-content\/uploads\/2025\/02\/Tricano-web.png","datePublished":"2026-03-10T10:08:03+00:00","dateModified":"2026-03-10T10:14:56+00:00","description":"Le D\u00e9fi Wind strengthens its partnership with Vacances Andr\u00e9 Trigano by creating a label dedicated to water sports enthusiasts: DW WaterSports Camp.","breadcrumb":{"@id":"http:\/\/defiwind.fr\/en\/vancances-andre-trigano-x-defi-wind\/#breadcrumb"},"inLanguage":"en-US","potentialAction":[{"@type":"ReadAction","target":["http:\/\/defiwind.fr\/en\/vancances-andre-trigano-x-defi-wind\/"]}]},{"@type":"ImageObject","inLanguage":"en-US","@id":"http:\/\/defiwind.fr\/en\/vancances-andre-trigano-x-defi-wind\/#primaryimage","url":"http:\/\/defiwind.fr\/wp-content\/uploads\/2025\/02\/Tricano-web.png","contentUrl":"http:\/\/defiwind.fr\/wp-content\/uploads\/2025\/02\/Tricano-web.png","width":600,"height":300},{"@type":"BreadcrumbList","@id":"http:\/\/defiwind.fr\/en\/vancances-andre-trigano-x-defi-wind\/#breadcrumb","itemListElement":[{"@type":"ListItem","position":1,"name":"Home","item":"https:\/\/defiwind.fr\/en\/"},{"@type":"ListItem","position":2,"name":"Vancances Andr\u00e9 Trigano x Defi Wind"}]},{"@type":"WebSite","@id":"http:\/\/defiwind.fr\/en\/#website","url":"http:\/\/defiwind.fr\/en\/","name":"Defi Wind 2026","description":"La plus grande manifestation de Glisse au Monde","publisher":{"@id":"http:\/\/defiwind.fr\/en\/#organization"},"potentialAction":[{"@type":"SearchAction","target":{"@type":"EntryPoint","urlTemplate":"http:\/\/defiwind.fr\/en\/?s={search_term_string}"},"query-input":{"@type":"PropertyValueSpecification","valueRequired":true,"valueName":"search_term_string"}}],"inLanguage":"en-US"},{"@type":"Organization","@id":"http:\/\/defiwind.fr\/en\/#organization","name":"DEFI Wind 2026","url":"http:\/\/defiwind.fr\/en\/","logo":{"@type":"ImageObject","inLanguage":"en-US","@id":"http:\/\/defiwind.fr\/en\/#\/schema\/logo\/image\/","url":"http:\/\/defiwind.fr\/wp-content\/uploads\/2024\/01\/defiwind-logo.svg","contentUrl":"http:\/\/defiwind.fr\/wp-content\/uploads\/2024\/01\/defiwind-logo.svg","width":544,"height":554,"caption":"DEFI Wind 2026"},"image":{"@id":"http:\/\/defiwind.fr\/en\/#\/schema\/logo\/image\/"},"sameAs":["https:\/\/www.facebook.com\/LeDefi\/","https:\/\/www.youtube.com\/channel\/UCT8UE10yIAzXsDbedNsKYXA","https:\/\/www.instagram.com\/defiwind\/","https:\/\/www.instagram.com\/defiwing\/","https:\/\/www.instagram.com\/defikite\/"]},{"@type":"Person","@id":"http:\/\/defiwind.fr\/en\/#\/schema\/person\/1f52a2d9ddbb9ad69213ecb3427ca493","name":"Paul Bru","image":{"@type":"ImageObject","inLanguage":"en-US","@id":"https:\/\/secure.gravatar.com\/avatar\/bd8015322248b85b439d3326255d27ee687b9df9ba313a76dfdb9d71aa3c4fb8?s=96&d=mm&r=g","url":"https:\/\/secure.gravatar.com\/avatar\/bd8015322248b85b439d3326255d27ee687b9df9ba313a76dfdb9d71aa3c4fb8?s=96&d=mm&r=g","contentUrl":"https:\/\/secure.gravatar.com\/avatar\/bd8015322248b85b439d3326255d27ee687b9df9ba313a76dfdb9d71aa3c4fb8?s=96&d=mm&r=g","caption":"Paul Bru"},"sameAs":["http:\/\/defiwind.fr"],"url":"http:\/\/defiwind.fr\/en\/author\/paul\/"}]}},"_links":{"self":[{"href":"http:\/\/defiwind.fr\/en\/wp-json\/wp\/v2\/posts\/4919","targetHints":{"allow":["GET"]}}],"collection":[{"href":"http:\/\/defiwind.fr\/en\/wp-json\/wp\/v2\/posts"}],"about":[{"href":"http:\/\/defiwind.fr\/en\/wp-json\/wp\/v2\/types\/post"}],"author":[{"embeddable":true,"href":"http:\/\/defiwind.fr\/en\/wp-json\/wp\/v2\/users\/2"}],"replies":[{"embeddable":true,"href":"http:\/\/defiwind.fr\/en\/wp-json\/wp\/v2\/comments?post=4919"}],"version-history":[{"count":2,"href":"http:\/\/defiwind.fr\/en\/wp-json\/wp\/v2\/posts\/4919\/revisions"}],"predecessor-version":[{"id":4927,"href":"http:\/\/defiwind.fr\/en\/wp-json\/wp\/v2\/posts\/4919\/revisions\/4927"}],"wp:featuredmedia":[{"embeddable":true,"href":"http:\/\/defiwind.fr\/en\/wp-json\/wp\/v2\/media\/3465"}],"wp:attachment":[{"href":"http:\/\/defiwind.fr\/en\/wp-json\/wp\/v2\/media?parent=4919"}],"wp:term":[{"taxonomy":"category","embeddable":true,"href":"http:\/\/defiwind.fr\/en\/wp-json\/wp\/v2\/categories?post=4919"},{"taxonomy":"post_tag","embeddable":true,"href":"http:\/\/defiwind.fr\/en\/wp-json\/wp\/v2\/tags?post=4919"}],"curies":[{"name":"wp","href":"https:\/\/api.w.org\/{rel}","templated":true}]}}